{"id":9777,"date":"2024-07-10T15:42:29","date_gmt":"2024-07-10T14:42:29","guid":{"rendered":"https:\/\/www.rensep.org\/?p=9777"},"modified":"2024-07-10T15:42:29","modified_gmt":"2024-07-10T14:42:29","slug":"slavinski-grant-bertiaux-and-the-evolution-of-occultism-in-serbia-and-ex-yugoslavia","status":"publish","type":"post","link":"https:\/\/www.rensep.org\/fr\/private\/slavinski-grant-bertiaux-and-the-evolution-of-occultism-in-serbia-and-ex-yugoslavia\/","title":{"rendered":"Slavinski, Grant, Bertiaux and the Evolution of Occultism in Serbia and Ex-Yugoslavia"},"content":{"rendered":"<div class=\"pmpro_content_message\">This content is for Regular Member per year members only.<br \/><a href=\"https:\/\/www.rensep.org\/fr\/wp-login.php\">Login<\/a> <a href=\"https:\/\/www.rensep.org\/fr\/compte-de-membre\/niveaux-dadhesion\/\">Join Now<\/a><\/div>\n","protected":false},"excerpt":{"rendered":"<div class=\"pmpro_content_message\">This content is for Regular Member per year members only.<br \/><a href=\"https:\/\/www.rensep.org\/fr\/wp-login.php\">Login<\/a> <a href=\"https:\/\/www.rensep.org\/fr\/compte-de-membre\/niveaux-dadhesion\/\">Join Now<\/a><\/div>","protected":false},"author":34,"featured_media":9778,"comment_status":"closed","ping_status":"closed","sticky":false,"template":"","format":"standard","meta":{"pmpro_default_level":0,"footnotes":""},"categories":[444,105],"tags":[],"yoast_head":"<!-- This site is optimized with the Yoast SEO plugin v22.1 - https:\/\/yoast.com\/wordpress\/plugins\/seo\/ -->\n<title>Slavinski, Grant, Bertiaux and the Evolution of Occultism in Serbia and Ex-Yugoslavia - Research Network for the Study of Esoteric Practices<\/title>\n<meta name=\"robots\" content=\"index, follow, max-snippet:-1, max-image-preview:large, max-video-preview:-1\" \/>\n<link rel=\"canonical\" href=\"https:\/\/www.rensep.org\/fr\/private\/slavinski-grant-bertiaux-and-the-evolution-of-occultism-in-serbia-and-ex-yugoslavia\/\" \/>\n<meta property=\"og:locale\" content=\"fr_FR\" \/>\n<meta property=\"og:type\" content=\"article\" \/>\n<meta property=\"og:title\" content=\"Slavinski, Grant, Bertiaux and the Evolution of Occultism in Serbia and Ex-Yugoslavia - Research Network for the Study of Esoteric Practices\" \/>\n<meta property=\"og:description\" content=\"By Mar\u00eda Pinal Villanueva Generally, when I describe to anyone the subject of my work, the response I encounter is, \u201cI didn\u2019t know we had&hellip;\" \/>\n<meta property=\"og:url\" content=\"https:\/\/www.rensep.org\/fr\/private\/slavinski-grant-bertiaux-and-the-evolution-of-occultism-in-serbia-and-ex-yugoslavia\/\" \/>\n<meta property=\"og:site_name\" content=\"Research Network for the Study of Esoteric Practices\" \/>\n<meta property=\"article:published_time\" content=\"2024-07-10T14:42:29+00:00\" \/>\n<meta property=\"og:image\" content=\"https:\/\/www.rensep.org\/wp-content\/uploads\/2024\/07\/Picture-1.png\" \/>\n\t<meta property=\"og:image:width\" content=\"902\" \/>\n\t<meta property=\"og:image:height\" content=\"626\" \/>\n\t<meta property=\"og:image:type\" content=\"image\/png\" \/>\n<meta name=\"author\" content=\"RENSEP\" \/>\n<meta name=\"twitter:card\" content=\"summary_large_image\" \/>\n<meta name=\"twitter:label1\" content=\"\u00c9crit par\" \/>\n\t<meta name=\"twitter:data1\" content=\"RENSEP\" \/>\n\t<meta name=\"twitter:label2\" content=\"Dur\u00e9e de lecture estim\u00e9e\" \/>\n\t<meta name=\"twitter:data2\" content=\"18 minutes\" \/>\n<script type=\"application\/ld+json\" class=\"yoast-schema-graph\">{\"@context\":\"https:\/\/schema.org\",\"@graph\":[{\"@type\":\"WebPage\",\"@id\":\"https:\/\/www.rensep.org\/fr\/private\/slavinski-grant-bertiaux-and-the-evolution-of-occultism-in-serbia-and-ex-yugoslavia\/\",\"url\":\"https:\/\/www.rensep.org\/fr\/private\/slavinski-grant-bertiaux-and-the-evolution-of-occultism-in-serbia-and-ex-yugoslavia\/\",\"name\":\"Slavinski, Grant, Bertiaux and the Evolution of Occultism in Serbia and Ex-Yugoslavia - Research Network for the Study of Esoteric Practices\",\"isPartOf\":{\"@id\":\"https:\/\/www.rensep.org\/fr\/#website\"},\"datePublished\":\"2024-07-10T14:42:29+00:00\",\"dateModified\":\"2024-07-10T14:42:29+00:00\",\"author\":{\"@id\":\"https:\/\/www.rensep.org\/fr\/#\/schema\/person\/b1a4e6cd9fab897d6cc72513bc7662e6\"},\"breadcrumb\":{\"@id\":\"https:\/\/www.rensep.org\/fr\/private\/slavinski-grant-bertiaux-and-the-evolution-of-occultism-in-serbia-and-ex-yugoslavia\/#breadcrumb\"},\"inLanguage\":\"fr-FR\",\"potentialAction\":[{\"@type\":\"ReadAction\",\"target\":[\"https:\/\/www.rensep.org\/fr\/private\/slavinski-grant-bertiaux-and-the-evolution-of-occultism-in-serbia-and-ex-yugoslavia\/\"]}]},{\"@type\":\"BreadcrumbList\",\"@id\":\"https:\/\/www.rensep.org\/fr\/private\/slavinski-grant-bertiaux-and-the-evolution-of-occultism-in-serbia-and-ex-yugoslavia\/#breadcrumb\",\"itemListElement\":[{\"@type\":\"ListItem\",\"position\":1,\"name\":\"Home\",\"item\":\"https:\/\/www.rensep.org\/fr\/\"},{\"@type\":\"ListItem\",\"position\":2,\"name\":\"Slavinski, Grant, Bertiaux and the Evolution of Occultism in Serbia and Ex-Yugoslavia\"}]},{\"@type\":\"WebSite\",\"@id\":\"https:\/\/www.rensep.org\/fr\/#website\",\"url\":\"https:\/\/www.rensep.org\/fr\/\",\"name\":\"Research Network for the Study of Esoteric Practices\",\"description\":\"\",\"potentialAction\":[{\"@type\":\"SearchAction\",\"target\":{\"@type\":\"EntryPoint\",\"urlTemplate\":\"https:\/\/www.rensep.org\/fr\/?s={search_term_string}\"},\"query-input\":\"required name=search_term_string\"}],\"inLanguage\":\"fr-FR\"},{\"@type\":\"Person\",\"@id\":\"https:\/\/www.rensep.org\/fr\/#\/schema\/person\/b1a4e6cd9fab897d6cc72513bc7662e6\",\"name\":\"RENSEP\",\"image\":{\"@type\":\"ImageObject\",\"inLanguage\":\"fr-FR\",\"@id\":\"https:\/\/www.rensep.org\/fr\/#\/schema\/person\/image\/\",\"url\":\"https:\/\/www.rensep.org\/wp-content\/uploads\/avatars\/34\/1664564115-bpthumb.jpg\",\"contentUrl\":\"https:\/\/www.rensep.org\/wp-content\/uploads\/avatars\/34\/1664564115-bpthumb.jpg\",\"caption\":\"RENSEP\"},\"url\":\"https:\/\/www.rensep.org\/fr\/author\/ors\/\"}]}<\/script>\n<!-- \/ Yoast SEO plugin. -->","yoast_head_json":{"title":"Slavinski, Grant, Bertiaux and the Evolution of Occultism in Serbia and Ex-Yugoslavia - Research Network for the Study of Esoteric Practices","robots":{"index":"index","follow":"follow","max-snippet":"max-snippet:-1","max-image-preview":"max-image-preview:large","max-video-preview":"max-video-preview:-1"},"canonical":"https:\/\/www.rensep.org\/fr\/private\/slavinski-grant-bertiaux-and-the-evolution-of-occultism-in-serbia-and-ex-yugoslavia\/","og_locale":"fr_FR","og_type":"article","og_title":"Slavinski, Grant, Bertiaux and the Evolution of Occultism in Serbia and Ex-Yugoslavia - Research Network for the Study of Esoteric Practices","og_description":"By Mar\u00eda Pinal Villanueva Generally, when I describe to anyone the subject of my work, the response I encounter is, \u201cI didn\u2019t know we had&hellip;","og_url":"https:\/\/www.rensep.org\/fr\/private\/slavinski-grant-bertiaux-and-the-evolution-of-occultism-in-serbia-and-ex-yugoslavia\/","og_site_name":"Research Network for the Study of Esoteric Practices","article_published_time":"2024-07-10T14:42:29+00:00","og_image":[{"width":902,"height":626,"url":"https:\/\/www.rensep.org\/wp-content\/uploads\/2024\/07\/Picture-1.png","type":"image\/png"}],"author":"RENSEP","twitter_card":"summary_large_image","twitter_misc":{"\u00c9crit par":"RENSEP","Dur\u00e9e de lecture estim\u00e9e":"18 minutes"},"schema":{"@context":"https:\/\/schema.org","@graph":[{"@type":"WebPage","@id":"https:\/\/www.rensep.org\/fr\/private\/slavinski-grant-bertiaux-and-the-evolution-of-occultism-in-serbia-and-ex-yugoslavia\/","url":"https:\/\/www.rensep.org\/fr\/private\/slavinski-grant-bertiaux-and-the-evolution-of-occultism-in-serbia-and-ex-yugoslavia\/","name":"Slavinski, Grant, Bertiaux and the Evolution of Occultism in Serbia and Ex-Yugoslavia - Research Network for the Study of Esoteric Practices","isPartOf":{"@id":"https:\/\/www.rensep.org\/fr\/#website"},"datePublished":"2024-07-10T14:42:29+00:00","dateModified":"2024-07-10T14:42:29+00:00","author":{"@id":"https:\/\/www.rensep.org\/fr\/#\/schema\/person\/b1a4e6cd9fab897d6cc72513bc7662e6"},"breadcrumb":{"@id":"https:\/\/www.rensep.org\/fr\/private\/slavinski-grant-bertiaux-and-the-evolution-of-occultism-in-serbia-and-ex-yugoslavia\/#breadcrumb"},"inLanguage":"fr-FR","potentialAction":[{"@type":"ReadAction","target":["https:\/\/www.rensep.org\/fr\/private\/slavinski-grant-bertiaux-and-the-evolution-of-occultism-in-serbia-and-ex-yugoslavia\/"]}]},{"@type":"BreadcrumbList","@id":"https:\/\/www.rensep.org\/fr\/private\/slavinski-grant-bertiaux-and-the-evolution-of-occultism-in-serbia-and-ex-yugoslavia\/#breadcrumb","itemListElement":[{"@type":"ListItem","position":1,"name":"Home","item":"https:\/\/www.rensep.org\/fr\/"},{"@type":"ListItem","position":2,"name":"Slavinski, Grant, Bertiaux and the Evolution of Occultism in Serbia and Ex-Yugoslavia"}]},{"@type":"WebSite","@id":"https:\/\/www.rensep.org\/fr\/#website","url":"https:\/\/www.rensep.org\/fr\/","name":"Research Network for the Study of Esoteric Practices","description":"","potentialAction":[{"@type":"SearchAction","target":{"@type":"EntryPoint","urlTemplate":"https:\/\/www.rensep.org\/fr\/?s={search_term_string}"},"query-input":"required name=search_term_string"}],"inLanguage":"fr-FR"},{"@type":"Person","@id":"https:\/\/www.rensep.org\/fr\/#\/schema\/person\/b1a4e6cd9fab897d6cc72513bc7662e6","name":"RENSEP","image":{"@type":"ImageObject","inLanguage":"fr-FR","@id":"https:\/\/www.rensep.org\/fr\/#\/schema\/person\/image\/","url":"https:\/\/www.rensep.org\/wp-content\/uploads\/avatars\/34\/1664564115-bpthumb.jpg","contentUrl":"https:\/\/www.rensep.org\/wp-content\/uploads\/avatars\/34\/1664564115-bpthumb.jpg","caption":"RENSEP"},"url":"https:\/\/www.rensep.org\/fr\/author\/ors\/"}]}},"_links":{"self":[{"href":"https:\/\/www.rensep.org\/fr\/wp-json\/wp\/v2\/posts\/9777"}],"collection":[{"href":"https:\/\/www.rensep.org\/fr\/wp-json\/wp\/v2\/posts"}],"about":[{"href":"https:\/\/www.rensep.org\/fr\/wp-json\/wp\/v2\/types\/post"}],"author":[{"embeddable":true,"href":"https:\/\/www.rensep.org\/fr\/wp-json\/wp\/v2\/users\/34"}],"replies":[{"embeddable":true,"href":"https:\/\/www.rensep.org\/fr\/wp-json\/wp\/v2\/comments?post=9777"}],"version-history":[{"count":4,"href":"https:\/\/www.rensep.org\/fr\/wp-json\/wp\/v2\/posts\/9777\/revisions"}],"predecessor-version":[{"id":9787,"href":"https:\/\/www.rensep.org\/fr\/wp-json\/wp\/v2\/posts\/9777\/revisions\/9787"}],"wp:featuredmedia":[{"embeddable":true,"href":"https:\/\/www.rensep.org\/fr\/wp-json\/wp\/v2\/media\/9778"}],"wp:attachment":[{"href":"https:\/\/www.rensep.org\/fr\/wp-json\/wp\/v2\/media?parent=9777"}],"wp:term":[{"taxonomy":"category","embeddable":true,"href":"https:\/\/www.rensep.org\/fr\/wp-json\/wp\/v2\/categories?post=9777"},{"taxonomy":"post_tag","embeddable":true,"href":"https:\/\/www.rensep.org\/fr\/wp-json\/wp\/v2\/tags?post=9777"}],"curies":[{"name":"wp","href":"https:\/\/api.w.org\/{rel}","templated":true}]}}