{"id":5007,"date":"2023-08-10T12:56:50","date_gmt":"2023-08-10T11:56:50","guid":{"rendered":"https:\/\/www.rensep.org\/?p=5007"},"modified":"2023-08-10T13:01:47","modified_gmt":"2023-08-10T12:01:47","slug":"rensep-news-rensep-trustee-will-speak-at-upcoming-occulture-conference","status":"publish","type":"post","link":"https:\/\/www.rensep.org\/fr\/news\/rensep-news-rensep-trustee-will-speak-at-upcoming-occulture-conference\/","title":{"rendered":"RENSEP NEWS \u2013 RENSEP Trustee Will Speak at Upcoming OCCULTURE Conference"},"content":{"rendered":"<p style=\"font-weight: 400\">It is time again for another edition of the Occulture Conference this October, and <a href=\"http:\/\/www.rensep.org\/\">RENSEP<\/a> trustee Dr Bernd-Christian Otto has been granted the privilege to speak at this extravagant event. Hosted in Berlin, <a href=\"https:\/\/occultureconference.com\/\">Occulture Conference 2023<\/a> will take place from the 19<sup>th<\/sup> until the 22 of October at the Anomalie Art Club.<\/p>\n<p style=\"font-weight: 400\">The Occulture Conference website describes the experience of entering this year\u2019s venue as \u201ccrossing a threshold to another dimension, with sinuous shapes and passages from light to darkness, in an exciting loop of art and installations melting with Occulture\u2019s vibe and creative contribution.\u201d This conference is generally recognized as a great event to experience, learn, and connect with other international scholars and practitioners in the field of esotericism \u2013 an objective very fitting to <a href=\"https:\/\/www.rensep.org\/about\/our-mission-statement\/\">RENSEP\u2019s mission<\/a> given its focus on both scholars and practitioners of esotericism.<\/p>\n<p style=\"font-weight: 400\"><img loading=\"lazy\" decoding=\"async\" class=\" wp-image-5010 alignright\" src=\"https:\/\/www.rensep.org\/wp-content\/uploads\/2023\/08\/IMG_7950.jpg\" alt=\"\" width=\"199\" height=\"199\" srcset=\"https:\/\/www.rensep.org\/wp-content\/uploads\/2023\/08\/IMG_7950.jpg 500w, https:\/\/www.rensep.org\/wp-content\/uploads\/2023\/08\/IMG_7950-300x300.jpg 300w\" sizes=\"(max-width: 199px) 100vw, 199px\" \/>Therefore, we are pleased that Bernd will present a talk at this event titled <a href=\"https:\/\/occultureconference.com\/bernd-christian-otto\/\"><strong>Practitioner-Scholarship and the Co-Production of Knowledge in the Study of Esotericism<\/strong><\/a>. Bernd, who is one of RENSEP\u2019s founders, is a scholar of religion at the Friedrich-Alexander-Universit\u00e4t Erlangen-N\u00fcrnberg (FAU) in Germany. His research focuses on magic and esotericism, combining different methodologies such as conceptual history, discourse analysis, social theory, and ritual studies. While possessing broad expertise in the history of Western learned magic, Bernd has been particularly interested in magick&#8217;s modern and contemporary manifestations for a few years now.<\/p>\n<p style=\"font-weight: 400\"><strong>You can read the abstract of Bernd\u2019s talk here:<\/strong><\/p>\n<p style=\"font-weight: 400\">\u201cThe tides are turning. Over the past two and a half decades, scholarly research into esoteric traditions and practices thrived and became more and more established in modern academia. Milestones in this process have been the foundation of the HHP in Amsterdam in 1998, the establishment of the ESSWE in 2005, as well as the launch of peer-reviewed journals (e.g., Aries, correspondences) and book series (e.g., Brill, Oxford University Press, Palgrave) dedicated to the study of esotericism. Until very recently, this scholarship tended to distance itself from practitioner positions which were often deemed to be grounded in religionist agendas and thus considered methodologically uncritical or historically biased when perceived through the scholarly lens. Whether or not these stereotypes are justified, in recent years we have seen a shift in this unfortunate trajectory, a shift that has largely been inspired by the emerging debate about practitioner-scholarship in the study of esotericism (the elephant in the room). No conceptual groundwork has yet been laid out for how to do practitioner-scholarship in a methodologically sound manner, hence the prospects of enhanced and potentially more fruitful cooperations between scholars and practitioners remain unclear. As a consequence, the bridge between scholars and practitioners is still a fragile one, and it may be blocked by unjustified apprehensions and stereotypes on both sides. The paper discusses these matters by presenting two recent scholarly initiatives \u2013 CAS-E (www.cas-e.de) and RENSEP (www.rensep.org) \u2013 that strive for bridging the gap between scholars and practitioners, thus building new grounds for a proper co-production of knowledge in the study of esotericism.<\/p>\n<p><img loading=\"lazy\" decoding=\"async\" class=\"alignnone size-medium wp-image-5014\" src=\"https:\/\/www.rensep.org\/wp-content\/uploads\/2023\/08\/336919430_750263153405609_3526684475678225670_n-900x335.jpg\" alt=\"\" width=\"900\" height=\"335\" srcset=\"https:\/\/www.rensep.org\/wp-content\/uploads\/2023\/08\/336919430_750263153405609_3526684475678225670_n-900x335.jpg 900w, https:\/\/www.rensep.org\/wp-content\/uploads\/2023\/08\/336919430_750263153405609_3526684475678225670_n-768x286.jpg 768w, https:\/\/www.rensep.org\/wp-content\/uploads\/2023\/08\/336919430_750263153405609_3526684475678225670_n-624x232.jpg 624w, https:\/\/www.rensep.org\/wp-content\/uploads\/2023\/08\/336919430_750263153405609_3526684475678225670_n.jpg 1200w\" sizes=\"(max-width: 900px) 100vw, 900px\" \/><\/p>\n","protected":false},"excerpt":{"rendered":"<p>It is time again for another edition of the Occulture Conference this October, and RENSEP trustee Dr Bernd-Christian Otto has been granted the privilege to&hellip;<\/p>\n","protected":false},"author":62,"featured_media":5008,"comment_status":"closed","ping_status":"closed","sticky":false,"template":"","format":"standard","meta":{"pmpro_default_level":0,"footnotes":""},"categories":[77],"tags":[528,527,508,529,530,531,525,526],"yoast_head":"<!-- This site is optimized with the Yoast SEO plugin v22.1 - https:\/\/yoast.com\/wordpress\/plugins\/seo\/ -->\n<title>RENSEP NEWS \u2013 RENSEP Trustee Will Speak at Upcoming OCCULTURE Conference - Research Network for the Study of Esoteric Practices<\/title>\n<meta name=\"robots\" content=\"index, follow, max-snippet:-1, max-image-preview:large, max-video-preview:-1\" \/>\n<link rel=\"canonical\" href=\"https:\/\/www.rensep.org\/fr\/news\/rensep-news-rensep-trustee-will-speak-at-upcoming-occulture-conference\/\" \/>\n<meta property=\"og:locale\" content=\"fr_FR\" \/>\n<meta property=\"og:type\" content=\"article\" \/>\n<meta property=\"og:title\" content=\"RENSEP NEWS \u2013 RENSEP Trustee Will Speak at Upcoming OCCULTURE Conference - Research Network for the Study of Esoteric Practices\" \/>\n<meta property=\"og:description\" content=\"It is time again for another edition of the Occulture Conference this October, and RENSEP trustee Dr Bernd-Christian Otto has been granted the privilege to&hellip;\" \/>\n<meta property=\"og:url\" content=\"https:\/\/www.rensep.org\/fr\/news\/rensep-news-rensep-trustee-will-speak-at-upcoming-occulture-conference\/\" \/>\n<meta property=\"og:site_name\" content=\"Research Network for the Study of Esoteric Practices\" \/>\n<meta property=\"article:published_time\" content=\"2023-08-10T11:56:50+00:00\" \/>\n<meta property=\"article:modified_time\" content=\"2023-08-10T12:01:47+00:00\" \/>\n<meta property=\"og:image\" content=\"https:\/\/www.rensep.org\/wp-content\/uploads\/2023\/08\/IMG_7951.jpg\" \/>\n\t<meta property=\"og:image:width\" content=\"1200\" \/>\n\t<meta property=\"og:image:height\" content=\"627\" \/>\n\t<meta property=\"og:image:type\" content=\"image\/jpeg\" \/>\n<meta name=\"author\" content=\"Ninian\" \/>\n<meta name=\"twitter:card\" content=\"summary_large_image\" \/>\n<meta name=\"twitter:label1\" content=\"\u00c9crit par\" \/>\n\t<meta name=\"twitter:data1\" content=\"Ninian\" \/>\n\t<meta name=\"twitter:label2\" content=\"Dur\u00e9e de lecture estim\u00e9e\" \/>\n\t<meta name=\"twitter:data2\" content=\"3 minutes\" \/>\n<script type=\"application\/ld+json\" class=\"yoast-schema-graph\">{\"@context\":\"https:\/\/schema.org\",\"@graph\":[{\"@type\":\"WebPage\",\"@id\":\"https:\/\/www.rensep.org\/fr\/news\/rensep-news-rensep-trustee-will-speak-at-upcoming-occulture-conference\/\",\"url\":\"https:\/\/www.rensep.org\/fr\/news\/rensep-news-rensep-trustee-will-speak-at-upcoming-occulture-conference\/\",\"name\":\"RENSEP NEWS \u2013 RENSEP Trustee Will Speak at Upcoming OCCULTURE Conference - Research Network for the Study of Esoteric Practices\",\"isPartOf\":{\"@id\":\"https:\/\/www.rensep.org\/fr\/#website\"},\"datePublished\":\"2023-08-10T11:56:50+00:00\",\"dateModified\":\"2023-08-10T12:01:47+00:00\",\"author\":{\"@id\":\"https:\/\/www.rensep.org\/fr\/#\/schema\/person\/d70452eebff41a0b99f76b0e92f995a0\"},\"breadcrumb\":{\"@id\":\"https:\/\/www.rensep.org\/fr\/news\/rensep-news-rensep-trustee-will-speak-at-upcoming-occulture-conference\/#breadcrumb\"},\"inLanguage\":\"fr-FR\",\"potentialAction\":[{\"@type\":\"ReadAction\",\"target\":[\"https:\/\/www.rensep.org\/fr\/news\/rensep-news-rensep-trustee-will-speak-at-upcoming-occulture-conference\/\"]}]},{\"@type\":\"BreadcrumbList\",\"@id\":\"https:\/\/www.rensep.org\/fr\/news\/rensep-news-rensep-trustee-will-speak-at-upcoming-occulture-conference\/#breadcrumb\",\"itemListElement\":[{\"@type\":\"ListItem\",\"position\":1,\"name\":\"Home\",\"item\":\"https:\/\/www.rensep.org\/fr\/\"},{\"@type\":\"ListItem\",\"position\":2,\"name\":\"RENSEP NEWS \u2013 RENSEP Trustee Will Speak at Upcoming OCCULTURE Conference\"}]},{\"@type\":\"WebSite\",\"@id\":\"https:\/\/www.rensep.org\/fr\/#website\",\"url\":\"https:\/\/www.rensep.org\/fr\/\",\"name\":\"Research Network for the Study of Esoteric Practices\",\"description\":\"\",\"potentialAction\":[{\"@type\":\"SearchAction\",\"target\":{\"@type\":\"EntryPoint\",\"urlTemplate\":\"https:\/\/www.rensep.org\/fr\/?s={search_term_string}\"},\"query-input\":\"required name=search_term_string\"}],\"inLanguage\":\"fr-FR\"},{\"@type\":\"Person\",\"@id\":\"https:\/\/www.rensep.org\/fr\/#\/schema\/person\/d70452eebff41a0b99f76b0e92f995a0\",\"name\":\"Ninian\",\"image\":{\"@type\":\"ImageObject\",\"inLanguage\":\"fr-FR\",\"@id\":\"https:\/\/www.rensep.org\/fr\/#\/schema\/person\/image\/\",\"url\":\"https:\/\/www.rensep.org\/wp-content\/uploads\/avatars\/62\/1668607828-bpthumb.jpg\",\"contentUrl\":\"https:\/\/www.rensep.org\/wp-content\/uploads\/avatars\/62\/1668607828-bpthumb.jpg\",\"caption\":\"Ninian\"},\"url\":\"https:\/\/www.rensep.org\/fr\/author\/ninian\/\"}]}<\/script>\n<!-- \/ Yoast SEO plugin. -->","yoast_head_json":{"title":"RENSEP NEWS \u2013 RENSEP Trustee Will Speak at Upcoming OCCULTURE Conference - Research Network for the Study of Esoteric Practices","robots":{"index":"index","follow":"follow","max-snippet":"max-snippet:-1","max-image-preview":"max-image-preview:large","max-video-preview":"max-video-preview:-1"},"canonical":"https:\/\/www.rensep.org\/fr\/news\/rensep-news-rensep-trustee-will-speak-at-upcoming-occulture-conference\/","og_locale":"fr_FR","og_type":"article","og_title":"RENSEP NEWS \u2013 RENSEP Trustee Will Speak at Upcoming OCCULTURE Conference - Research Network for the Study of Esoteric Practices","og_description":"It is time again for another edition of the Occulture Conference this October, and RENSEP trustee Dr Bernd-Christian Otto has been granted the privilege to&hellip;","og_url":"https:\/\/www.rensep.org\/fr\/news\/rensep-news-rensep-trustee-will-speak-at-upcoming-occulture-conference\/","og_site_name":"Research Network for the Study of Esoteric Practices","article_published_time":"2023-08-10T11:56:50+00:00","article_modified_time":"2023-08-10T12:01:47+00:00","og_image":[{"width":1200,"height":627,"url":"https:\/\/www.rensep.org\/wp-content\/uploads\/2023\/08\/IMG_7951.jpg","type":"image\/jpeg"}],"author":"Ninian","twitter_card":"summary_large_image","twitter_misc":{"\u00c9crit par":"Ninian","Dur\u00e9e de lecture estim\u00e9e":"3 minutes"},"schema":{"@context":"https:\/\/schema.org","@graph":[{"@type":"WebPage","@id":"https:\/\/www.rensep.org\/fr\/news\/rensep-news-rensep-trustee-will-speak-at-upcoming-occulture-conference\/","url":"https:\/\/www.rensep.org\/fr\/news\/rensep-news-rensep-trustee-will-speak-at-upcoming-occulture-conference\/","name":"RENSEP NEWS \u2013 RENSEP Trustee Will Speak at Upcoming OCCULTURE Conference - Research Network for the Study of Esoteric Practices","isPartOf":{"@id":"https:\/\/www.rensep.org\/fr\/#website"},"datePublished":"2023-08-10T11:56:50+00:00","dateModified":"2023-08-10T12:01:47+00:00","author":{"@id":"https:\/\/www.rensep.org\/fr\/#\/schema\/person\/d70452eebff41a0b99f76b0e92f995a0"},"breadcrumb":{"@id":"https:\/\/www.rensep.org\/fr\/news\/rensep-news-rensep-trustee-will-speak-at-upcoming-occulture-conference\/#breadcrumb"},"inLanguage":"fr-FR","potentialAction":[{"@type":"ReadAction","target":["https:\/\/www.rensep.org\/fr\/news\/rensep-news-rensep-trustee-will-speak-at-upcoming-occulture-conference\/"]}]},{"@type":"BreadcrumbList","@id":"https:\/\/www.rensep.org\/fr\/news\/rensep-news-rensep-trustee-will-speak-at-upcoming-occulture-conference\/#breadcrumb","itemListElement":[{"@type":"ListItem","position":1,"name":"Home","item":"https:\/\/www.rensep.org\/fr\/"},{"@type":"ListItem","position":2,"name":"RENSEP NEWS \u2013 RENSEP Trustee Will Speak at Upcoming OCCULTURE Conference"}]},{"@type":"WebSite","@id":"https:\/\/www.rensep.org\/fr\/#website","url":"https:\/\/www.rensep.org\/fr\/","name":"Research Network for the Study of Esoteric Practices","description":"","potentialAction":[{"@type":"SearchAction","target":{"@type":"EntryPoint","urlTemplate":"https:\/\/www.rensep.org\/fr\/?s={search_term_string}"},"query-input":"required name=search_term_string"}],"inLanguage":"fr-FR"},{"@type":"Person","@id":"https:\/\/www.rensep.org\/fr\/#\/schema\/person\/d70452eebff41a0b99f76b0e92f995a0","name":"Ninian","image":{"@type":"ImageObject","inLanguage":"fr-FR","@id":"https:\/\/www.rensep.org\/fr\/#\/schema\/person\/image\/","url":"https:\/\/www.rensep.org\/wp-content\/uploads\/avatars\/62\/1668607828-bpthumb.jpg","contentUrl":"https:\/\/www.rensep.org\/wp-content\/uploads\/avatars\/62\/1668607828-bpthumb.jpg","caption":"Ninian"},"url":"https:\/\/www.rensep.org\/fr\/author\/ninian\/"}]}},"_links":{"self":[{"href":"https:\/\/www.rensep.org\/fr\/wp-json\/wp\/v2\/posts\/5007"}],"collection":[{"href":"https:\/\/www.rensep.org\/fr\/wp-json\/wp\/v2\/posts"}],"about":[{"href":"https:\/\/www.rensep.org\/fr\/wp-json\/wp\/v2\/types\/post"}],"author":[{"embeddable":true,"href":"https:\/\/www.rensep.org\/fr\/wp-json\/wp\/v2\/users\/62"}],"replies":[{"embeddable":true,"href":"https:\/\/www.rensep.org\/fr\/wp-json\/wp\/v2\/comments?post=5007"}],"version-history":[{"count":2,"href":"https:\/\/www.rensep.org\/fr\/wp-json\/wp\/v2\/posts\/5007\/revisions"}],"predecessor-version":[{"id":5023,"href":"https:\/\/www.rensep.org\/fr\/wp-json\/wp\/v2\/posts\/5007\/revisions\/5023"}],"wp:featuredmedia":[{"embeddable":true,"href":"https:\/\/www.rensep.org\/fr\/wp-json\/wp\/v2\/media\/5008"}],"wp:attachment":[{"href":"https:\/\/www.rensep.org\/fr\/wp-json\/wp\/v2\/media?parent=5007"}],"wp:term":[{"taxonomy":"category","embeddable":true,"href":"https:\/\/www.rensep.org\/fr\/wp-json\/wp\/v2\/categories?post=5007"},{"taxonomy":"post_tag","embeddable":true,"href":"https:\/\/www.rensep.org\/fr\/wp-json\/wp\/v2\/tags?post=5007"}],"curies":[{"name":"wp","href":"https:\/\/api.w.org\/{rel}","templated":true}]}}